{"id":2929,"date":"2026-04-23T16:53:39","date_gmt":"2026-04-23T14:53:39","guid":{"rendered":"https:\/\/www.argeville.com\/?p=2929"},"modified":"2026-04-23T16:58:24","modified_gmt":"2026-04-23T14:58:24","slug":"in-cosmetics-global-paris-2026","status":"publish","type":"post","link":"https:\/\/www.argeville.com\/en\/aboutargeville\/in-cosmetics-global-paris-2026\/","title":{"rendered":"IN-COSMETICS GLOBAL PARIS 2026"},"content":{"rendered":"<p>The trade show season kicks off with In-cosmetics Global, from April 14th to 16th, a must-attend event for the cosmetics ingredients industry. The 2026 edition in Paris brought together over 1,000 exhibitors and thousands of visitors from around the world.<\/p>\n","protected":false},"excerpt":{"rendered":"<p>The trade show season kicks off with In-cosmetics Global, from April 14th to 16th, a must-attend event for the cosmetics ingredients industry. The 2026 edition in Paris brought together over 1,000 exhibitors and thousands of visitors from around the world.<\/p>\n","protected":false},"author":4,"featured_media":2923,"comment_status":"closed","ping_status":"closed","sticky":false,"template":"","format":"standard","meta":{"_acf_changed":false,"inline_featured_image":false,"footnotes":""},"categories":[23,26,24],"tags":[],"class_list":["post-2929","post","type-post","status-publish","format-standard","has-post-thumbnail","hentry","category-aboutargeville","category-ingredients","category-internationalnews"],"acf":[],"yoast_head":"<!-- This site is optimized with the Yoast SEO plugin v27.4 - https:\/\/yoast.com\/product\/yoast-seo-wordpress\/ -->\n<title>IN-COSMETICS GLOBAL PARIS 2026 - Argeville<\/title>\n<meta name=\"robots\" content=\"index, follow, max-snippet:-1, max-image-preview:large, max-video-preview:-1\" \/>\n<link rel=\"canonical\" href=\"https:\/\/www.argeville.com\/en\/aboutargeville\/in-cosmetics-global-paris-2026\/\" \/>\n<meta property=\"og:locale\" content=\"en_US\" \/>\n<meta property=\"og:type\" content=\"article\" \/>\n<meta property=\"og:title\" content=\"IN-COSMETICS GLOBAL PARIS 2026 - Argeville\" \/>\n<meta property=\"og:description\" content=\"The trade show season kicks off with In-cosmetics Global, from April 14th to 16th, a must-attend event for the cosmetics ingredients industry. The 2026 edition in Paris brought together over 1,000 exhibitors and thousands of visitors from around the world.\" \/>\n<meta property=\"og:url\" content=\"https:\/\/www.argeville.com\/en\/aboutargeville\/in-cosmetics-global-paris-2026\/\" \/>\n<meta property=\"og:site_name\" content=\"Argeville\" \/>\n<meta property=\"article:publisher\" content=\"https:\/\/www.facebook.com\/ArgevilleCompany\" \/>\n<meta property=\"article:published_time\" content=\"2026-04-23T14:53:39+00:00\" \/>\n<meta property=\"article:modified_time\" content=\"2026-04-23T14:58:24+00:00\" \/>\n<meta property=\"og:image\" content=\"https:\/\/www.argeville.com\/wp-content\/uploads\/2026\/04\/ICG-Paris-1-1024x576.png\" \/>\n\t<meta property=\"og:image:width\" content=\"1024\" \/>\n\t<meta property=\"og:image:height\" content=\"576\" \/>\n\t<meta property=\"og:image:type\" content=\"image\/png\" \/>\n<meta name=\"author\" content=\"L\u00e9a\" \/>\n<meta name=\"twitter:card\" content=\"summary_large_image\" \/>\n<meta name=\"twitter:label1\" content=\"Written by\" \/>\n\t<meta name=\"twitter:data1\" content=\"L\u00e9a\" \/>\n\t<meta name=\"twitter:label2\" content=\"Est. reading time\" \/>\n\t<meta name=\"twitter:data2\" content=\"2 minutes\" \/>\n<script type=\"application\/ld+json\" class=\"yoast-schema-graph\">{\"@context\":\"https:\\\/\\\/schema.org\",\"@graph\":[{\"@type\":\"Article\",\"@id\":\"https:\\\/\\\/www.argeville.com\\\/en\\\/aboutargeville\\\/in-cosmetics-global-paris-2026\\\/#article\",\"isPartOf\":{\"@id\":\"https:\\\/\\\/www.argeville.com\\\/en\\\/aboutargeville\\\/in-cosmetics-global-paris-2026\\\/\"},\"author\":{\"name\":\"L\u00e9a\",\"@id\":\"https:\\\/\\\/www.argeville.com\\\/en\\\/#\\\/schema\\\/person\\\/0ae481ed28a9ade9917e77977e48af35\"},\"headline\":\"IN-COSMETICS GLOBAL PARIS 2026\",\"datePublished\":\"2026-04-23T14:53:39+00:00\",\"dateModified\":\"2026-04-23T14:58:24+00:00\",\"mainEntityOfPage\":{\"@id\":\"https:\\\/\\\/www.argeville.com\\\/en\\\/aboutargeville\\\/in-cosmetics-global-paris-2026\\\/\"},\"wordCount\":41,\"publisher\":{\"@id\":\"https:\\\/\\\/www.argeville.com\\\/en\\\/#organization\"},\"image\":{\"@id\":\"https:\\\/\\\/www.argeville.com\\\/en\\\/aboutargeville\\\/in-cosmetics-global-paris-2026\\\/#primaryimage\"},\"thumbnailUrl\":\"https:\\\/\\\/www.argeville.com\\\/wp-content\\\/uploads\\\/2026\\\/04\\\/ICG-Paris-1.png\",\"articleSection\":[\"About Argeville\",\"Ingredients\",\"International News\"],\"inLanguage\":\"en-US\"},{\"@type\":\"WebPage\",\"@id\":\"https:\\\/\\\/www.argeville.com\\\/en\\\/aboutargeville\\\/in-cosmetics-global-paris-2026\\\/\",\"url\":\"https:\\\/\\\/www.argeville.com\\\/en\\\/aboutargeville\\\/in-cosmetics-global-paris-2026\\\/\",\"name\":\"IN-COSMETICS GLOBAL PARIS 2026 - Argeville\",\"isPartOf\":{\"@id\":\"https:\\\/\\\/www.argeville.com\\\/en\\\/#website\"},\"primaryImageOfPage\":{\"@id\":\"https:\\\/\\\/www.argeville.com\\\/en\\\/aboutargeville\\\/in-cosmetics-global-paris-2026\\\/#primaryimage\"},\"image\":{\"@id\":\"https:\\\/\\\/www.argeville.com\\\/en\\\/aboutargeville\\\/in-cosmetics-global-paris-2026\\\/#primaryimage\"},\"thumbnailUrl\":\"https:\\\/\\\/www.argeville.com\\\/wp-content\\\/uploads\\\/2026\\\/04\\\/ICG-Paris-1.png\",\"datePublished\":\"2026-04-23T14:53:39+00:00\",\"dateModified\":\"2026-04-23T14:58:24+00:00\",\"breadcrumb\":{\"@id\":\"https:\\\/\\\/www.argeville.com\\\/en\\\/aboutargeville\\\/in-cosmetics-global-paris-2026\\\/#breadcrumb\"},\"inLanguage\":\"en-US\",\"potentialAction\":[{\"@type\":\"ReadAction\",\"target\":[\"https:\\\/\\\/www.argeville.com\\\/en\\\/aboutargeville\\\/in-cosmetics-global-paris-2026\\\/\"]}]},{\"@type\":\"ImageObject\",\"inLanguage\":\"en-US\",\"@id\":\"https:\\\/\\\/www.argeville.com\\\/en\\\/aboutargeville\\\/in-cosmetics-global-paris-2026\\\/#primaryimage\",\"url\":\"https:\\\/\\\/www.argeville.com\\\/wp-content\\\/uploads\\\/2026\\\/04\\\/ICG-Paris-1.png\",\"contentUrl\":\"https:\\\/\\\/www.argeville.com\\\/wp-content\\\/uploads\\\/2026\\\/04\\\/ICG-Paris-1.png\",\"width\":1920,\"height\":1080},{\"@type\":\"BreadcrumbList\",\"@id\":\"https:\\\/\\\/www.argeville.com\\\/en\\\/aboutargeville\\\/in-cosmetics-global-paris-2026\\\/#breadcrumb\",\"itemListElement\":[{\"@type\":\"ListItem\",\"position\":1,\"name\":\"Accueil\",\"item\":\"https:\\\/\\\/www.argeville.com\\\/en\\\/\"},{\"@type\":\"ListItem\",\"position\":2,\"name\":\"IN-COSMETICS GLOBAL PARIS 2026\"}]},{\"@type\":\"WebSite\",\"@id\":\"https:\\\/\\\/www.argeville.com\\\/en\\\/#website\",\"url\":\"https:\\\/\\\/www.argeville.com\\\/en\\\/\",\"name\":\"Argeville\",\"description\":\"Cr\u00e9ateur d&#039;ingr\u00e9dients, parfums et ar\u00f4mes.\",\"publisher\":{\"@id\":\"https:\\\/\\\/www.argeville.com\\\/en\\\/#organization\"},\"potentialAction\":[{\"@type\":\"SearchAction\",\"target\":{\"@type\":\"EntryPoint\",\"urlTemplate\":\"https:\\\/\\\/www.argeville.com\\\/en\\\/?s={search_term_string}\"},\"query-input\":{\"@type\":\"PropertyValueSpecification\",\"valueRequired\":true,\"valueName\":\"search_term_string\"}}],\"inLanguage\":\"en-US\"},{\"@type\":\"Organization\",\"@id\":\"https:\\\/\\\/www.argeville.com\\\/en\\\/#organization\",\"name\":\"Argeville\",\"url\":\"https:\\\/\\\/www.argeville.com\\\/en\\\/\",\"logo\":{\"@type\":\"ImageObject\",\"inLanguage\":\"en-US\",\"@id\":\"https:\\\/\\\/www.argeville.com\\\/en\\\/#\\\/schema\\\/logo\\\/image\\\/\",\"url\":\"https:\\\/\\\/www.argeville.com\\\/wp-content\\\/uploads\\\/2025\\\/06\\\/cropped-favicon.png\",\"contentUrl\":\"https:\\\/\\\/www.argeville.com\\\/wp-content\\\/uploads\\\/2025\\\/06\\\/cropped-favicon.png\",\"width\":512,\"height\":512,\"caption\":\"Argeville\"},\"image\":{\"@id\":\"https:\\\/\\\/www.argeville.com\\\/en\\\/#\\\/schema\\\/logo\\\/image\\\/\"},\"sameAs\":[\"https:\\\/\\\/www.facebook.com\\\/ArgevilleCompany\",\"https:\\\/\\\/www.instagram.com\\\/argeville.group\\\/?igsh=a29rMzBsbnZ1NHho\",\"https:\\\/\\\/www.linkedin.com\\\/company\\\/argeville\"]},{\"@type\":\"Person\",\"@id\":\"https:\\\/\\\/www.argeville.com\\\/en\\\/#\\\/schema\\\/person\\\/0ae481ed28a9ade9917e77977e48af35\",\"name\":\"L\u00e9a\",\"image\":{\"@type\":\"ImageObject\",\"inLanguage\":\"en-US\",\"@id\":\"https:\\\/\\\/secure.gravatar.com\\\/avatar\\\/0b59062e37a00cbcc11ceed44e96115a6d0097718b7d21ac4ae6a6b891496ff4?s=96&d=mm&r=g\",\"url\":\"https:\\\/\\\/secure.gravatar.com\\\/avatar\\\/0b59062e37a00cbcc11ceed44e96115a6d0097718b7d21ac4ae6a6b891496ff4?s=96&d=mm&r=g\",\"contentUrl\":\"https:\\\/\\\/secure.gravatar.com\\\/avatar\\\/0b59062e37a00cbcc11ceed44e96115a6d0097718b7d21ac4ae6a6b891496ff4?s=96&d=mm&r=g\",\"caption\":\"L\u00e9a\"},\"url\":\"https:\\\/\\\/www.argeville.com\\\/en\\\/author\\\/lea-castellarargeville-com\\\/\"}]}<\/script>\n<!-- \/ Yoast SEO plugin. -->","yoast_head_json":{"title":"IN-COSMETICS GLOBAL PARIS 2026 - Argeville","robots":{"index":"index","follow":"follow","max-snippet":"max-snippet:-1","max-image-preview":"max-image-preview:large","max-video-preview":"max-video-preview:-1"},"canonical":"https:\/\/www.argeville.com\/en\/aboutargeville\/in-cosmetics-global-paris-2026\/","og_locale":"en_US","og_type":"article","og_title":"IN-COSMETICS GLOBAL PARIS 2026 - Argeville","og_description":"The trade show season kicks off with In-cosmetics Global, from April 14th to 16th, a must-attend event for the cosmetics ingredients industry. The 2026 edition in Paris brought together over 1,000 exhibitors and thousands of visitors from around the world.","og_url":"https:\/\/www.argeville.com\/en\/aboutargeville\/in-cosmetics-global-paris-2026\/","og_site_name":"Argeville","article_publisher":"https:\/\/www.facebook.com\/ArgevilleCompany","article_published_time":"2026-04-23T14:53:39+00:00","article_modified_time":"2026-04-23T14:58:24+00:00","og_image":[{"width":1024,"height":576,"url":"https:\/\/www.argeville.com\/wp-content\/uploads\/2026\/04\/ICG-Paris-1-1024x576.png","type":"image\/png"}],"author":"L\u00e9a","twitter_card":"summary_large_image","twitter_misc":{"Written by":"L\u00e9a","Est. reading time":"2 minutes"},"schema":{"@context":"https:\/\/schema.org","@graph":[{"@type":"Article","@id":"https:\/\/www.argeville.com\/en\/aboutargeville\/in-cosmetics-global-paris-2026\/#article","isPartOf":{"@id":"https:\/\/www.argeville.com\/en\/aboutargeville\/in-cosmetics-global-paris-2026\/"},"author":{"name":"L\u00e9a","@id":"https:\/\/www.argeville.com\/en\/#\/schema\/person\/0ae481ed28a9ade9917e77977e48af35"},"headline":"IN-COSMETICS GLOBAL PARIS 2026","datePublished":"2026-04-23T14:53:39+00:00","dateModified":"2026-04-23T14:58:24+00:00","mainEntityOfPage":{"@id":"https:\/\/www.argeville.com\/en\/aboutargeville\/in-cosmetics-global-paris-2026\/"},"wordCount":41,"publisher":{"@id":"https:\/\/www.argeville.com\/en\/#organization"},"image":{"@id":"https:\/\/www.argeville.com\/en\/aboutargeville\/in-cosmetics-global-paris-2026\/#primaryimage"},"thumbnailUrl":"https:\/\/www.argeville.com\/wp-content\/uploads\/2026\/04\/ICG-Paris-1.png","articleSection":["About Argeville","Ingredients","International News"],"inLanguage":"en-US"},{"@type":"WebPage","@id":"https:\/\/www.argeville.com\/en\/aboutargeville\/in-cosmetics-global-paris-2026\/","url":"https:\/\/www.argeville.com\/en\/aboutargeville\/in-cosmetics-global-paris-2026\/","name":"IN-COSMETICS GLOBAL PARIS 2026 - Argeville","isPartOf":{"@id":"https:\/\/www.argeville.com\/en\/#website"},"primaryImageOfPage":{"@id":"https:\/\/www.argeville.com\/en\/aboutargeville\/in-cosmetics-global-paris-2026\/#primaryimage"},"image":{"@id":"https:\/\/www.argeville.com\/en\/aboutargeville\/in-cosmetics-global-paris-2026\/#primaryimage"},"thumbnailUrl":"https:\/\/www.argeville.com\/wp-content\/uploads\/2026\/04\/ICG-Paris-1.png","datePublished":"2026-04-23T14:53:39+00:00","dateModified":"2026-04-23T14:58:24+00:00","breadcrumb":{"@id":"https:\/\/www.argeville.com\/en\/aboutargeville\/in-cosmetics-global-paris-2026\/#breadcrumb"},"inLanguage":"en-US","potentialAction":[{"@type":"ReadAction","target":["https:\/\/www.argeville.com\/en\/aboutargeville\/in-cosmetics-global-paris-2026\/"]}]},{"@type":"ImageObject","inLanguage":"en-US","@id":"https:\/\/www.argeville.com\/en\/aboutargeville\/in-cosmetics-global-paris-2026\/#primaryimage","url":"https:\/\/www.argeville.com\/wp-content\/uploads\/2026\/04\/ICG-Paris-1.png","contentUrl":"https:\/\/www.argeville.com\/wp-content\/uploads\/2026\/04\/ICG-Paris-1.png","width":1920,"height":1080},{"@type":"BreadcrumbList","@id":"https:\/\/www.argeville.com\/en\/aboutargeville\/in-cosmetics-global-paris-2026\/#breadcrumb","itemListElement":[{"@type":"ListItem","position":1,"name":"Accueil","item":"https:\/\/www.argeville.com\/en\/"},{"@type":"ListItem","position":2,"name":"IN-COSMETICS GLOBAL PARIS 2026"}]},{"@type":"WebSite","@id":"https:\/\/www.argeville.com\/en\/#website","url":"https:\/\/www.argeville.com\/en\/","name":"Argeville","description":"Cr\u00e9ateur d&#039;ingr\u00e9dients, parfums et ar\u00f4mes.","publisher":{"@id":"https:\/\/www.argeville.com\/en\/#organization"},"potentialAction":[{"@type":"SearchAction","target":{"@type":"EntryPoint","urlTemplate":"https:\/\/www.argeville.com\/en\/?s={search_term_string}"},"query-input":{"@type":"PropertyValueSpecification","valueRequired":true,"valueName":"search_term_string"}}],"inLanguage":"en-US"},{"@type":"Organization","@id":"https:\/\/www.argeville.com\/en\/#organization","name":"Argeville","url":"https:\/\/www.argeville.com\/en\/","logo":{"@type":"ImageObject","inLanguage":"en-US","@id":"https:\/\/www.argeville.com\/en\/#\/schema\/logo\/image\/","url":"https:\/\/www.argeville.com\/wp-content\/uploads\/2025\/06\/cropped-favicon.png","contentUrl":"https:\/\/www.argeville.com\/wp-content\/uploads\/2025\/06\/cropped-favicon.png","width":512,"height":512,"caption":"Argeville"},"image":{"@id":"https:\/\/www.argeville.com\/en\/#\/schema\/logo\/image\/"},"sameAs":["https:\/\/www.facebook.com\/ArgevilleCompany","https:\/\/www.instagram.com\/argeville.group\/?igsh=a29rMzBsbnZ1NHho","https:\/\/www.linkedin.com\/company\/argeville"]},{"@type":"Person","@id":"https:\/\/www.argeville.com\/en\/#\/schema\/person\/0ae481ed28a9ade9917e77977e48af35","name":"L\u00e9a","image":{"@type":"ImageObject","inLanguage":"en-US","@id":"https:\/\/secure.gravatar.com\/avatar\/0b59062e37a00cbcc11ceed44e96115a6d0097718b7d21ac4ae6a6b891496ff4?s=96&d=mm&r=g","url":"https:\/\/secure.gravatar.com\/avatar\/0b59062e37a00cbcc11ceed44e96115a6d0097718b7d21ac4ae6a6b891496ff4?s=96&d=mm&r=g","contentUrl":"https:\/\/secure.gravatar.com\/avatar\/0b59062e37a00cbcc11ceed44e96115a6d0097718b7d21ac4ae6a6b891496ff4?s=96&d=mm&r=g","caption":"L\u00e9a"},"url":"https:\/\/www.argeville.com\/en\/author\/lea-castellarargeville-com\/"}]}},"_links":{"self":[{"href":"https:\/\/www.argeville.com\/en\/wp-json\/wp\/v2\/posts\/2929","targetHints":{"allow":["GET"]}}],"collection":[{"href":"https:\/\/www.argeville.com\/en\/wp-json\/wp\/v2\/posts"}],"about":[{"href":"https:\/\/www.argeville.com\/en\/wp-json\/wp\/v2\/types\/post"}],"author":[{"embeddable":true,"href":"https:\/\/www.argeville.com\/en\/wp-json\/wp\/v2\/users\/4"}],"replies":[{"embeddable":true,"href":"https:\/\/www.argeville.com\/en\/wp-json\/wp\/v2\/comments?post=2929"}],"version-history":[{"count":1,"href":"https:\/\/www.argeville.com\/en\/wp-json\/wp\/v2\/posts\/2929\/revisions"}],"predecessor-version":[{"id":2930,"href":"https:\/\/www.argeville.com\/en\/wp-json\/wp\/v2\/posts\/2929\/revisions\/2930"}],"wp:featuredmedia":[{"embeddable":true,"href":"https:\/\/www.argeville.com\/en\/wp-json\/wp\/v2\/media\/2923"}],"wp:attachment":[{"href":"https:\/\/www.argeville.com\/en\/wp-json\/wp\/v2\/media?parent=2929"}],"wp:term":[{"taxonomy":"category","embeddable":true,"href":"https:\/\/www.argeville.com\/en\/wp-json\/wp\/v2\/categories?post=2929"},{"taxonomy":"post_tag","embeddable":true,"href":"https:\/\/www.argeville.com\/en\/wp-json\/wp\/v2\/tags?post=2929"}],"curies":[{"name":"wp","href":"https:\/\/api.w.org\/{rel}","templated":true}]}}